{"id":10044,"date":"2026-04-27T09:50:37","date_gmt":"2026-04-27T07:50:37","guid":{"rendered":"https:\/\/ecoindustria.net\/?post_type=noticias&#038;p=10044"},"modified":"2026-04-27T09:50:37","modified_gmt":"2026-04-27T07:50:37","slug":"ii-convencion-nacional-sobre-economia-circular-e-innovacion-industrial","status":"publish","type":"noticias","link":"https:\/\/ecoindustria.net\/es\/noticias\/ii-convencion-nacional-sobre-economia-circular-e-innovacion-industrial\/","title":{"rendered":"II Convenci\u00f3n Nacional sobre Econom\u00eda Circular e Innovaci\u00f3n Industrial"},"content":{"rendered":"<p style=\"font-weight: 400;\"><strong>ECOINDUSTRIA, Econom\u00eda circular al Delta del Llobregat<\/strong>, projecte supramunicipal dels Ajuntaments de Gav\u00e0, Viladecans, Sant Boi, El Prat i Castelldefels, va participar el 21 d\u2019abril en la\u00a0<strong>II Convenci\u00f3n Nacional sobre Econom\u00eda Circular e Innovaci\u00f3n Industrial<\/strong>\u00a0celebrada a la Diputaci\u00f3 d\u2019Albacete.<\/p>\n<p style=\"font-weight: 400;\">Raquel Bustamante, coma\u00a0\u00a0T\u00e9cnica de Economia Circular de l\u2019Ajuntament de\u00a0\u00a0Gav\u00e0 y Silvia Gonz\u00e1lez, como T\u00e9cnica de empresa de l\u2019Ajuntament de Viladecans\u00a0\u00a0i en representaci\u00f3 dels 5 municipis del Delta, van explicar la traject\u00f2ria, objectius, accions i resultats d\u2019impacte empresarial i territorial aconseguits al llarg de ls 9 edicions del programa.\u00a0<strong>Van participar com a projecte referent en economia circular<\/strong>\u00a0en una de les taules de la Convenci\u00f3 centrada en \u201cSimbiosi Industrial\u201d. Van estar acompanyades per les direccions de l\u2019Oficina de Simbiosi Industrial de Paterna i de l\u2019Oficina d\u2019Economia Circular del Pol\u00edgon de Villalonqu\u00e9jar de Burgos.<\/p>\n<p style=\"font-weight: 400;\">La jornada, organitzada per ZINCAMAN, Asociaci\u00f3n Regional de Zonas Industriales de Castilla-La Mancha, va reunir a representants institucionals, experts i empreses de tota Espanya per a avan\u00e7ar en simbiosi industrial i sostenibilitat aplicada al teixit productiu.<\/p>\n<p style=\"font-weight: 400;\">A nivel institucional van intervenir el president de ZINCAMAN, Antonio Fern\u00e1ndez-Pacheco; el diputat provincial Dani Sancha, el president de CEDAES, Pablo Garc\u00eda-Vig\u00f3n; la regidora d\u2019Emprenedoria i Oportunitats de l\u2019Ajuntament d\u2019Albacete, Lucrecia Rodr\u00eddguez Vera; la directora general d\u2019Economia Circular de la Junta de Comunidades de Castilla-La Mancha, Esther Haro, i el comissionat d\u2019Economia Circular del Ministeri per a la Transici\u00f3 Ecol\u00f2gica i el Reto Demogr\u00e0fico, Alejandro Dorado.<\/p>\n<p style=\"font-weight: 400;\">El president de ZINCAMAN ha destacat el valor de veure el sal\u00f3 d\u2019actes \u201cple de professionals, d\u2019empresa, d\u2019institucions i, en general, de persones amb un punt en com\u00fa: les ganes de fer les coses millors\u201d, deixant clar que la jornada no es planteja nom\u00e9s com un foro per a parlar d\u2019ind\u00fastria, sin\u00f3 com un espai per a \u201ctransformar problemes en oportunitats\u201d. Avan\u00e7ar fent models productius m\u00e9s col\u00b7laboratius i circulars \u00e9s una forma intel\u00b7ligent de refor\u00e7ar la resili\u00e8ncia de les empreses i dels pol\u00edgons industrials<\/p>","protected":false},"featured_media":10045,"menu_order":0,"comment_status":"closed","ping_status":"closed","template":"","format":"standard","meta":{"_acf_changed":false},"categories":[471],"tags":[],"class_list":["post-10044","noticias","type-noticias","status-publish","format-standard","has-post-thumbnail","hentry","category-noticies"],"acf":[],"_links":{"self":[{"href":"https:\/\/ecoindustria.net\/es\/wp-json\/wp\/v2\/noticias\/10044","targetHints":{"allow":["GET"]}}],"collection":[{"href":"https:\/\/ecoindustria.net\/es\/wp-json\/wp\/v2\/noticias"}],"about":[{"href":"https:\/\/ecoindustria.net\/es\/wp-json\/wp\/v2\/types\/noticias"}],"replies":[{"embeddable":true,"href":"https:\/\/ecoindustria.net\/es\/wp-json\/wp\/v2\/comments?post=10044"}],"wp:featuredmedia":[{"embeddable":true,"href":"https:\/\/ecoindustria.net\/es\/wp-json\/wp\/v2\/media\/10045"}],"wp:attachment":[{"href":"https:\/\/ecoindustria.net\/es\/wp-json\/wp\/v2\/media?parent=10044"}],"wp:term":[{"taxonomy":"category","embeddable":true,"href":"https:\/\/ecoindustria.net\/es\/wp-json\/wp\/v2\/categories?post=10044"},{"taxonomy":"post_tag","embeddable":true,"href":"https:\/\/ecoindustria.net\/es\/wp-json\/wp\/v2\/tags?post=10044"}],"curies":[{"name":"wp","href":"https:\/\/api.w.org\/{rel}","templated":true}]}}